{"id":3964,"date":"2024-04-24T15:13:10","date_gmt":"2024-04-24T13:13:10","guid":{"rendered":"https:\/\/www.justy.de\/?p=3964"},"modified":"2025-05-30T03:19:25","modified_gmt":"2025-05-30T01:19:25","slug":"wie-viele-tage-sollte-man-eine-saftkur-machen","status":"publish","type":"post","link":"https:\/\/www.justy.bio\/de\/wie-viele-tage-sollte-man-eine-saftkur-machen\/","title":{"rendered":"Wie viele Tage sollte man eine Saftkur machen?"},"content":{"rendered":"\n<h3 class=\"wp-block-heading\" id=\"h-wie-viele-tage-sollte-eine-saftkur-dauern-3-5-oder-7\"><strong>Wie viele Tage sollte eine Saftkur dauern? 3, 5 oder 7?<\/strong><\/h3>\n\n\n\n<div style=\"height:23px\" aria-hidden=\"true\" class=\"wp-block-spacer\"><\/div>\n\n\n\n<p>In der Welt der Gesundheits- und Wellness-Trends hat die Saftkur einen bemerkenswerten Aufschwung erlebt. Aber wie viele Tage sollte eine <a href=\"https:\/\/justy.bio\/saftkur\/\">Saftkur <\/a>dauern? Ist eine dreit\u00e4gige Kur ausreichend, oder sollte man sich f\u00fcr eine l\u00e4ngere Zeit wie f\u00fcnf oder sieben Tage entscheiden? Die Antwort h\u00e4ngt von verschiedenen pers\u00f6nlichen Eigenschaften, Umst\u00e4nden und Zielen ab.<\/p>\n\n\n\n<div style=\"height:23px\" aria-hidden=\"true\" class=\"wp-block-spacer\"><\/div>\n\n\n\n<h3 class=\"wp-block-heading\" id=\"h-personliche-charakteristika\"><strong>Pers\u00f6nliche Charakteristika:<\/strong><\/h3>\n\n\n\n<div style=\"height:23px\" aria-hidden=\"true\" class=\"wp-block-spacer\"><\/div>\n\n\n\n<figure class=\"wp-block-image size-full is-resized\"><img loading=\"lazy\" decoding=\"async\" width=\"847\" height=\"565\" src=\"https:\/\/justy.bio\/wp-content\/uploads\/2024\/04\/woman-exercising.webp\" alt=\"\" class=\"wp-image-3967\" style=\"width:612px;height:auto\" srcset=\"https:\/\/www.justy.bio\/wp-content\/uploads\/2024\/04\/woman-exercising.webp 847w, https:\/\/www.justy.bio\/wp-content\/uploads\/2024\/04\/woman-exercising-300x200.webp 300w, https:\/\/www.justy.bio\/wp-content\/uploads\/2024\/04\/woman-exercising-768x512.webp 768w, https:\/\/www.justy.bio\/wp-content\/uploads\/2024\/04\/woman-exercising-600x400.webp 600w\" sizes=\"auto, (max-width: 847px) 100vw, 847px\" \/><\/figure>\n\n\n\n<div style=\"height:23px\" aria-hidden=\"true\" class=\"wp-block-spacer\"><\/div>\n\n\n\n<h5 class=\"wp-block-heading\" id=\"h-ernahrungsgewohnheiten\"><strong>Ern\u00e4hrungsgewohnheiten:<\/strong><\/h5>\n\n\n\n<p>Wenn du bereits eine gesunde Ern\u00e4hrung pflegst, k\u00f6nnte eine k\u00fcrzere Saftkur ausreichen, um deinen K\u00f6rper zu entgiften und zu revitalisieren. Wenn deine Ern\u00e4hrung jedoch \u00fcberwiegend aus verarbeiteten Lebensmitteln und Fast Food besteht, k\u00f6nnte eine l\u00e4ngere Kur erforderlich sein, um einen sp\u00fcrbaren Effekt zu erzielen.<\/p>\n\n\n\n<div style=\"height:23px\" aria-hidden=\"true\" class=\"wp-block-spacer\"><\/div>\n\n\n\n<h5 class=\"wp-block-heading\" id=\"h-korperlicher-zustand\"><strong>K\u00f6rperlicher Zustand:<\/strong><\/h5>\n\n\n\n<p>Personen mit bestimmten gesundheitlichen Bedenken sollten ihre Saftkur mit Vorsicht angehen und m\u00f6glicherweise k\u00fcrzere Zeitr\u00e4ume in Betracht ziehen. Menschen mit chronischen Erkrankungen oder Stoffwechselst\u00f6rungen sollten vor Beginn einer Saftkur immer ihren Arzt konsultieren.<\/p>\n\n\n\n<div style=\"height:23px\" aria-hidden=\"true\" class=\"wp-block-spacer\"><\/div>\n\n\n\n<h5 class=\"wp-block-heading\" id=\"h-erfahrung-mit-saftkuren\"><strong>Erfahrung mit Saftkuren:<\/strong> <\/h5>\n\n\n\n<p>Wenn du neu in der Welt der Saftkuren bist, ist es ratsam, mit einer k\u00fcrzeren Kur zu beginnen, um zu sehen, wie dein K\u00f6rper reagiert. Erfahrenere Teilnehmer k\u00f6nnen sich f\u00fcr l\u00e4ngere Perioden entscheiden, um ihre Ergebnisse zu maximieren. Der perfekte Start f\u00fcr dich w\u00e4re eine<a href=\"https:\/\/justy.bio\/produkt\/saftkur\/saftkur-3-tage\/\"> 3-Tage Saftkur<\/a>.<\/p>\n\n\n\n<div style=\"height:23px\" aria-hidden=\"true\" class=\"wp-block-spacer\"><\/div>\n\n\n\n<h3 class=\"wp-block-heading\" id=\"h-umfeld-und-umstande\"><strong>Umfeld und Umst\u00e4nde:<\/strong><\/h3>\n\n\n\n<div style=\"height:23px\" aria-hidden=\"true\" class=\"wp-block-spacer\"><\/div>\n\n\n\n<figure class=\"wp-block-image size-full\"><img loading=\"lazy\" decoding=\"async\" width=\"810\" height=\"299\" src=\"https:\/\/justy.bio\/wp-content\/uploads\/2024\/04\/buero.jpeg\" alt=\"\" class=\"wp-image-3969\" srcset=\"https:\/\/www.justy.bio\/wp-content\/uploads\/2024\/04\/buero.jpeg 810w, https:\/\/www.justy.bio\/wp-content\/uploads\/2024\/04\/buero-300x111.jpeg 300w, https:\/\/www.justy.bio\/wp-content\/uploads\/2024\/04\/buero-768x283.jpeg 768w, https:\/\/www.justy.bio\/wp-content\/uploads\/2024\/04\/buero-600x221.jpeg 600w\" sizes=\"auto, (max-width: 810px) 100vw, 810px\" \/><\/figure>\n\n\n\n<div style=\"height:23px\" aria-hidden=\"true\" class=\"wp-block-spacer\"><\/div>\n\n\n\n<h5 class=\"wp-block-heading\" id=\"h-arbeits-und-lebensstil\"><strong>Arbeits- und Lebensstil:<\/strong> <\/h5>\n\n\n\n<p>Berufliche Verpflichtungen und Alltagsstress k\u00f6nnen die Durchf\u00fchrung einer Saftkur beeinflussen. Eine k\u00fcrzere Kur k\u00f6nnte besser in einen hektischen Zeitplan passen, w\u00e4hrend l\u00e4ngere Perioden m\u00f6glicherweise mehr Planung erfordern.<\/p>\n\n\n\n<div style=\"height:23px\" aria-hidden=\"true\" class=\"wp-block-spacer\"><\/div>\n\n\n\n<h5 class=\"wp-block-heading\" id=\"h-soziale-verpflichtungen\"><strong>Soziale Verpflichtungen:<\/strong> <\/h5>\n\n\n\n<p>Veranstaltungen, Feiern und Zusammenk\u00fcnfte mit Freunden und Familie k\u00f6nnen w\u00e4hrend einer Saftkur eine Herausforderung darstellen. Wenn du viele soziale Verpflichtungen hast, k\u00f6nnte eine k\u00fcrzere Kur praktikabler sein, um Versuchungen zu vermeiden.<\/p>\n\n\n\n<div style=\"height:23px\" aria-hidden=\"true\" class=\"wp-block-spacer\"><\/div>\n\n\n\n<h3 class=\"wp-block-heading\" id=\"h-ziele\"><strong>Ziele:<\/strong><\/h3>\n\n\n\n<div style=\"height:23px\" aria-hidden=\"true\" class=\"wp-block-spacer\"><\/div>\n\n\n\n<h5 class=\"wp-block-heading\" id=\"h-entgiftung-und-reinigung\"><strong>Entgiftung und Reinigung:<\/strong> <\/h5>\n\n\n\n<p>Eine dreit\u00e4gige Saftkur kann ausreichen, um deinen K\u00f6rper zu entgiften und Giftstoffe auszuschwemmen. Wenn du jedoch tiefergehende Reinigungseffekte erzielen m\u00f6chtest, k\u00f6nnten <a href=\"https:\/\/justy.bio\/produkt\/saftkur\/normale-saftkur\/5-tage-saftkur\/\">f\u00fcnf<\/a> oder<a href=\"https:\/\/justy.bio\/produkt\/saftkur\/saftkur-7-tage\/\"> sieben Tage<\/a> effektiver sein.<\/p>\n\n\n\n<div style=\"height:23px\" aria-hidden=\"true\" class=\"wp-block-spacer\"><\/div>\n\n\n\n<h5 class=\"wp-block-heading\" id=\"h-gewichtsverlust\"><strong>Gewichtsverlust:<\/strong> <\/h5>\n\n\n\n<p>Wenn du eine Saftkur zur Gewichtsreduktion durchf\u00fchrst, k\u00f6nnte eine l\u00e4ngere Kur bessere Ergebnisse liefern. Beachte jedoch, dass der Gewichtsverlust gr\u00f6\u00dftenteils vor\u00fcbergehend sein kann und von vielen Faktoren abh\u00e4ngt, einschlie\u00dflich deiner Ern\u00e4hrung nach der Kur.<\/p>\n\n\n\n<div style=\"height:23px\" aria-hidden=\"true\" class=\"wp-block-spacer\"><\/div>\n\n\n\n<h5 class=\"wp-block-heading\" id=\"h-energie-und-vitalitat\"><strong>Energie und Vitalit\u00e4t:<\/strong> <\/h5>\n\n\n\n<p>Eine Saftkur kann dazu beitragen, deine Energie zu steigern und deine Vitalit\u00e4t zu verbessern. Die Dauer der Kur kann je nach deinem Bedarf variieren. Einige Menschen f\u00fchlen sich bereits nach drei Tagen erfrischt, w\u00e4hrend andere eine l\u00e4ngere Zeit ben\u00f6tigen, um sp\u00fcrbare Verbesserungen zu erleben.<\/p>\n\n\n\n<div style=\"height:23px\" aria-hidden=\"true\" class=\"wp-block-spacer\"><\/div>\n\n\n\n<p>Insgesamt gibt es keine einheitliche Antwort darauf, wie viele Tage eine Saftkur dauern sollte. Es ist wichtig, die pers\u00f6nlichen Charakteristika, Umst\u00e4nde und Ziele zu ber\u00fccksichtigen, um die beste Entscheidung zu treffen. Bevor du jedoch eine Saftkur beginnst, solltest du immer mit einem Gesundheitsfachmann sprechen, um sicherzustellen, dass es f\u00fcr dich sicher und angemessen ist. Wir von Justy haben bereits \u00fcber 75.000 <a href=\"https:\/\/justy.bio\/saftkur\/\">Saftkuren<\/a> verkauft. Wir sind uns sicher, in unserem <a href=\"https:\/\/justy.bio\/shop\/\">Shop<\/a> ist auch die richtige f\u00fcr dich dabei!<\/p>\n","protected":false},"excerpt":{"rendered":"<p>Wie viele Tage sollte eine Saftkur dauern? 3, 5 oder 7? In der Welt der Gesundheits- und Wellness-Trends hat die Saftkur einen bemerkenswerten Aufschwung erlebt. Aber wie viele Tage sollte eine Saftkur dauern? Ist eine dreit\u00e4gige Kur ausreichend, oder sollte man sich f\u00fcr eine l\u00e4ngere Zeit wie f\u00fcnf oder sieben Tage entscheiden? Die Antwort h\u00e4ngt [&hellip;]<\/p>\n","protected":false},"author":7,"featured_media":3965,"comment_status":"closed","ping_status":"open","sticky":false,"template":"","format":"standard","meta":{"_acf_changed":false,"_gspb_post_css":"","footnotes":""},"categories":[683],"tags":[],"class_list":["post-3964","post","type-post","status-publish","format-standard","has-post-thumbnail","hentry","category-ueber-entgiftung"],"acf":[],"yoast_head":"<!-- This site is optimized with the Yoast SEO Premium plugin v25.5 (Yoast SEO v25.5) - https:\/\/yoast.com\/wordpress\/plugins\/seo\/ -->\n<title>Wie viele Tage sollte man eine Saftkur machen? - Justy<\/title>\n<meta name=\"description\" content=\"Entscheide dich f\u00fcr die optimale Dauer deiner Saftkur \u2013 3, 5 oder 7 Tage? Erfahre, welche Faktoren dabei eine Rolle spielen.\" \/>\n<meta name=\"robots\" content=\"index, follow, max-snippet:-1, max-image-preview:large, max-video-preview:-1\" \/>\n<link rel=\"canonical\" href=\"https:\/\/www.justy.bio\/de\/wie-viele-tage-sollte-man-eine-saftkur-machen\/\" \/>\n<meta property=\"og:locale\" content=\"de_DE\" \/>\n<meta property=\"og:type\" content=\"article\" \/>\n<meta property=\"og:title\" content=\"Wie viele Tage sollte man eine Saftkur machen? - Justy\" \/>\n<meta property=\"og:description\" content=\"Entscheide dich f\u00fcr die optimale Dauer deiner Saftkur \u2013 3, 5 oder 7 Tage? Erfahre, welche Faktoren dabei eine Rolle spielen.\" \/>\n<meta property=\"og:url\" content=\"https:\/\/www.justy.bio\/de\/wie-viele-tage-sollte-man-eine-saftkur-machen\/\" \/>\n<meta property=\"og:site_name\" content=\"Justy\" \/>\n<meta property=\"article:publisher\" content=\"https:\/\/www.facebook.com\/justygoodness\" \/>\n<meta property=\"article:published_time\" content=\"2024-04-24T13:13:10+00:00\" \/>\n<meta property=\"article:modified_time\" content=\"2025-05-30T01:19:25+00:00\" \/>\n<meta property=\"og:image\" content=\"https:\/\/www.justy.bio\/wp-content\/uploads\/2024\/04\/Untitled-3.png\" \/>\n\t<meta property=\"og:image:width\" content=\"1500\" \/>\n\t<meta property=\"og:image:height\" content=\"1000\" \/>\n\t<meta property=\"og:image:type\" content=\"image\/png\" \/>\n<meta name=\"author\" content=\"Hanne van Meel\" \/>\n<meta name=\"twitter:card\" content=\"summary_large_image\" \/>\n<meta name=\"twitter:label1\" content=\"Verfasst von\" \/>\n\t<meta name=\"twitter:data1\" content=\"Hanne van Meel\" \/>\n\t<meta name=\"twitter:label2\" content=\"Gesch\u00e4tzte Lesezeit\" \/>\n\t<meta name=\"twitter:data2\" content=\"3\u00a0Minuten\" \/>\n<script type=\"application\/ld+json\" class=\"yoast-schema-graph\">{\"@context\":\"https:\/\/schema.org\",\"@graph\":[{\"@type\":\"Article\",\"@id\":\"https:\/\/www.justy.bio\/de\/wie-viele-tage-sollte-man-eine-saftkur-machen\/#article\",\"isPartOf\":{\"@id\":\"https:\/\/www.justy.bio\/de\/wie-viele-tage-sollte-man-eine-saftkur-machen\/\"},\"author\":{\"name\":\"Hanne van Meel\",\"@id\":\"https:\/\/www.justy.bio\/de\/#\/schema\/person\/07eaad7c01011b60497a1ed6b38a31bc\"},\"headline\":\"Wie viele Tage sollte man eine Saftkur machen?\",\"datePublished\":\"2024-04-24T13:13:10+00:00\",\"dateModified\":\"2025-05-30T01:19:25+00:00\",\"mainEntityOfPage\":{\"@id\":\"https:\/\/www.justy.bio\/de\/wie-viele-tage-sollte-man-eine-saftkur-machen\/\"},\"wordCount\":522,\"publisher\":{\"@id\":\"https:\/\/www.justy.bio\/de\/#organization\"},\"image\":{\"@id\":\"https:\/\/www.justy.bio\/de\/wie-viele-tage-sollte-man-eine-saftkur-machen\/#primaryimage\"},\"thumbnailUrl\":\"https:\/\/www.justy.bio\/wp-content\/uploads\/2024\/04\/Untitled-3.png\",\"articleSection\":[\"\u00fcber Entgiftung\"],\"inLanguage\":\"de\"},{\"@type\":\"WebPage\",\"@id\":\"https:\/\/www.justy.bio\/de\/wie-viele-tage-sollte-man-eine-saftkur-machen\/\",\"url\":\"https:\/\/www.justy.bio\/de\/wie-viele-tage-sollte-man-eine-saftkur-machen\/\",\"name\":\"Wie viele Tage sollte man eine Saftkur machen? - Justy\",\"isPartOf\":{\"@id\":\"https:\/\/www.justy.bio\/de\/#website\"},\"primaryImageOfPage\":{\"@id\":\"https:\/\/www.justy.bio\/de\/wie-viele-tage-sollte-man-eine-saftkur-machen\/#primaryimage\"},\"image\":{\"@id\":\"https:\/\/www.justy.bio\/de\/wie-viele-tage-sollte-man-eine-saftkur-machen\/#primaryimage\"},\"thumbnailUrl\":\"https:\/\/www.justy.bio\/wp-content\/uploads\/2024\/04\/Untitled-3.png\",\"datePublished\":\"2024-04-24T13:13:10+00:00\",\"dateModified\":\"2025-05-30T01:19:25+00:00\",\"description\":\"Entscheide dich f\u00fcr die optimale Dauer deiner Saftkur \u2013 3, 5 oder 7 Tage? Erfahre, welche Faktoren dabei eine Rolle spielen.\",\"inLanguage\":\"de\",\"potentialAction\":[{\"@type\":\"ReadAction\",\"target\":[\"https:\/\/www.justy.bio\/de\/wie-viele-tage-sollte-man-eine-saftkur-machen\/\"]}]},{\"@type\":\"ImageObject\",\"inLanguage\":\"de\",\"@id\":\"https:\/\/www.justy.bio\/de\/wie-viele-tage-sollte-man-eine-saftkur-machen\/#primaryimage\",\"url\":\"https:\/\/www.justy.bio\/wp-content\/uploads\/2024\/04\/Untitled-3.png\",\"contentUrl\":\"https:\/\/www.justy.bio\/wp-content\/uploads\/2024\/04\/Untitled-3.png\",\"width\":1500,\"height\":1000},{\"@type\":\"WebSite\",\"@id\":\"https:\/\/www.justy.bio\/de\/#website\",\"url\":\"https:\/\/www.justy.bio\/de\/\",\"name\":\"Justy\",\"description\":\"\",\"publisher\":{\"@id\":\"https:\/\/www.justy.bio\/de\/#organization\"},\"potentialAction\":[{\"@type\":\"SearchAction\",\"target\":{\"@type\":\"EntryPoint\",\"urlTemplate\":\"https:\/\/www.justy.bio\/de\/?s={search_term_string}\"},\"query-input\":{\"@type\":\"PropertyValueSpecification\",\"valueRequired\":true,\"valueName\":\"search_term_string\"}}],\"inLanguage\":\"de\"},{\"@type\":\"Organization\",\"@id\":\"https:\/\/www.justy.bio\/de\/#organization\",\"name\":\"Justy\",\"url\":\"https:\/\/www.justy.bio\/de\/\",\"logo\":{\"@type\":\"ImageObject\",\"inLanguage\":\"de\",\"@id\":\"https:\/\/www.justy.bio\/de\/#\/schema\/logo\/image\/\",\"url\":\"https:\/\/www.justy.bio\/wp-content\/uploads\/2023\/10\/Logo.png\",\"contentUrl\":\"https:\/\/www.justy.bio\/wp-content\/uploads\/2023\/10\/Logo.png\",\"width\":218,\"height\":218,\"caption\":\"Justy\"},\"image\":{\"@id\":\"https:\/\/www.justy.bio\/de\/#\/schema\/logo\/image\/\"},\"sameAs\":[\"https:\/\/www.facebook.com\/justygoodness\",\"https:\/\/www.instagram.com\/justygoodness\/\"]},{\"@type\":\"Person\",\"@id\":\"https:\/\/www.justy.bio\/de\/#\/schema\/person\/07eaad7c01011b60497a1ed6b38a31bc\",\"name\":\"Hanne van Meel\",\"description\":\"Hanne van Meel ist eine Autorit\u00e4t auf dem Gebiet zuverl\u00e4ssiger Informationen \u00fcber Ern\u00e4hrung und Gesundheit und ber\u00e4t zudem zu Kennzeichnungen und Anspruchsgesetzgebung. Nach dem Abschluss ihres BSc in Biologie und ihres MSc in Ern\u00e4hrung und Gesundheit (Spezialisierung auf Molekulare Ern\u00e4hrung und Toxikologie) an der Wageningen Universit\u00e4t gr\u00fcndete sie ihr eigenes Unternehmen, Metis Food Consultancy. Hier nutzt sie ihr Wissen und ihre Erfahrung, um zuverl\u00e4ssige Informationen \u00fcber Ern\u00e4hrung auf unterhaltsame und interessante Weise zu teilen. Bei Sapje hilft Hanne sicherzustellen, dass alle Informationen zu Ern\u00e4hrung und Gesundheit auf der Website den europ\u00e4ischen und niederl\u00e4ndischen Gesetzen und Vorschriften entsprechen. Dar\u00fcber hinaus schreibt Hanne regelm\u00e4\u00dfig informative Blogs zu verschiedenen ern\u00e4hrungsbezogenen Themen, wie zum Beispiel unsere Blogs \u00fcber Calcium und Eisen. Dabei ist es ihr wichtig, dass die Texte folgende Punkte erf\u00fcllen: \u2022 Zuverl\u00e4ssige Informationen (wissenschaftlich fundiert) \u2022 Klar und verst\u00e4ndlich f\u00fcr jeden \u2022 Angenehm zu lesen Wenn Sie mehr \u00fcber Hanne van Meel und Metis Food Consultancy erfahren m\u00f6chten, klicken Sie hier.\",\"url\":\"https:\/\/www.justy.bio\/de\/author\/hanne\/\"}]}<\/script>\n<!-- \/ Yoast SEO Premium plugin. -->","yoast_head_json":{"title":"Wie viele Tage sollte man eine Saftkur machen? - Justy","description":"Entscheide dich f\u00fcr die optimale Dauer deiner Saftkur \u2013 3, 5 oder 7 Tage? Erfahre, welche Faktoren dabei eine Rolle spielen.","robots":{"index":"index","follow":"follow","max-snippet":"max-snippet:-1","max-image-preview":"max-image-preview:large","max-video-preview":"max-video-preview:-1"},"canonical":"https:\/\/www.justy.bio\/de\/wie-viele-tage-sollte-man-eine-saftkur-machen\/","og_locale":"de_DE","og_type":"article","og_title":"Wie viele Tage sollte man eine Saftkur machen? - Justy","og_description":"Entscheide dich f\u00fcr die optimale Dauer deiner Saftkur \u2013 3, 5 oder 7 Tage? Erfahre, welche Faktoren dabei eine Rolle spielen.","og_url":"https:\/\/www.justy.bio\/de\/wie-viele-tage-sollte-man-eine-saftkur-machen\/","og_site_name":"Justy","article_publisher":"https:\/\/www.facebook.com\/justygoodness","article_published_time":"2024-04-24T13:13:10+00:00","article_modified_time":"2025-05-30T01:19:25+00:00","og_image":[{"width":1500,"height":1000,"url":"https:\/\/www.justy.bio\/wp-content\/uploads\/2024\/04\/Untitled-3.png","type":"image\/png"}],"author":"Hanne van Meel","twitter_card":"summary_large_image","twitter_misc":{"Verfasst von":"Hanne van Meel","Gesch\u00e4tzte Lesezeit":"3\u00a0Minuten"},"schema":{"@context":"https:\/\/schema.org","@graph":[{"@type":"Article","@id":"https:\/\/www.justy.bio\/de\/wie-viele-tage-sollte-man-eine-saftkur-machen\/#article","isPartOf":{"@id":"https:\/\/www.justy.bio\/de\/wie-viele-tage-sollte-man-eine-saftkur-machen\/"},"author":{"name":"Hanne van Meel","@id":"https:\/\/www.justy.bio\/de\/#\/schema\/person\/07eaad7c01011b60497a1ed6b38a31bc"},"headline":"Wie viele Tage sollte man eine Saftkur machen?","datePublished":"2024-04-24T13:13:10+00:00","dateModified":"2025-05-30T01:19:25+00:00","mainEntityOfPage":{"@id":"https:\/\/www.justy.bio\/de\/wie-viele-tage-sollte-man-eine-saftkur-machen\/"},"wordCount":522,"publisher":{"@id":"https:\/\/www.justy.bio\/de\/#organization"},"image":{"@id":"https:\/\/www.justy.bio\/de\/wie-viele-tage-sollte-man-eine-saftkur-machen\/#primaryimage"},"thumbnailUrl":"https:\/\/www.justy.bio\/wp-content\/uploads\/2024\/04\/Untitled-3.png","articleSection":["\u00fcber Entgiftung"],"inLanguage":"de"},{"@type":"WebPage","@id":"https:\/\/www.justy.bio\/de\/wie-viele-tage-sollte-man-eine-saftkur-machen\/","url":"https:\/\/www.justy.bio\/de\/wie-viele-tage-sollte-man-eine-saftkur-machen\/","name":"Wie viele Tage sollte man eine Saftkur machen? - Justy","isPartOf":{"@id":"https:\/\/www.justy.bio\/de\/#website"},"primaryImageOfPage":{"@id":"https:\/\/www.justy.bio\/de\/wie-viele-tage-sollte-man-eine-saftkur-machen\/#primaryimage"},"image":{"@id":"https:\/\/www.justy.bio\/de\/wie-viele-tage-sollte-man-eine-saftkur-machen\/#primaryimage"},"thumbnailUrl":"https:\/\/www.justy.bio\/wp-content\/uploads\/2024\/04\/Untitled-3.png","datePublished":"2024-04-24T13:13:10+00:00","dateModified":"2025-05-30T01:19:25+00:00","description":"Entscheide dich f\u00fcr die optimale Dauer deiner Saftkur \u2013 3, 5 oder 7 Tage? Erfahre, welche Faktoren dabei eine Rolle spielen.","inLanguage":"de","potentialAction":[{"@type":"ReadAction","target":["https:\/\/www.justy.bio\/de\/wie-viele-tage-sollte-man-eine-saftkur-machen\/"]}]},{"@type":"ImageObject","inLanguage":"de","@id":"https:\/\/www.justy.bio\/de\/wie-viele-tage-sollte-man-eine-saftkur-machen\/#primaryimage","url":"https:\/\/www.justy.bio\/wp-content\/uploads\/2024\/04\/Untitled-3.png","contentUrl":"https:\/\/www.justy.bio\/wp-content\/uploads\/2024\/04\/Untitled-3.png","width":1500,"height":1000},{"@type":"WebSite","@id":"https:\/\/www.justy.bio\/de\/#website","url":"https:\/\/www.justy.bio\/de\/","name":"Justy","description":"","publisher":{"@id":"https:\/\/www.justy.bio\/de\/#organization"},"potentialAction":[{"@type":"SearchAction","target":{"@type":"EntryPoint","urlTemplate":"https:\/\/www.justy.bio\/de\/?s={search_term_string}"},"query-input":{"@type":"PropertyValueSpecification","valueRequired":true,"valueName":"search_term_string"}}],"inLanguage":"de"},{"@type":"Organization","@id":"https:\/\/www.justy.bio\/de\/#organization","name":"Justy","url":"https:\/\/www.justy.bio\/de\/","logo":{"@type":"ImageObject","inLanguage":"de","@id":"https:\/\/www.justy.bio\/de\/#\/schema\/logo\/image\/","url":"https:\/\/www.justy.bio\/wp-content\/uploads\/2023\/10\/Logo.png","contentUrl":"https:\/\/www.justy.bio\/wp-content\/uploads\/2023\/10\/Logo.png","width":218,"height":218,"caption":"Justy"},"image":{"@id":"https:\/\/www.justy.bio\/de\/#\/schema\/logo\/image\/"},"sameAs":["https:\/\/www.facebook.com\/justygoodness","https:\/\/www.instagram.com\/justygoodness\/"]},{"@type":"Person","@id":"https:\/\/www.justy.bio\/de\/#\/schema\/person\/07eaad7c01011b60497a1ed6b38a31bc","name":"Hanne van Meel","description":"Hanne van Meel ist eine Autorit\u00e4t auf dem Gebiet zuverl\u00e4ssiger Informationen \u00fcber Ern\u00e4hrung und Gesundheit und ber\u00e4t zudem zu Kennzeichnungen und Anspruchsgesetzgebung. Nach dem Abschluss ihres BSc in Biologie und ihres MSc in Ern\u00e4hrung und Gesundheit (Spezialisierung auf Molekulare Ern\u00e4hrung und Toxikologie) an der Wageningen Universit\u00e4t gr\u00fcndete sie ihr eigenes Unternehmen, Metis Food Consultancy. Hier nutzt sie ihr Wissen und ihre Erfahrung, um zuverl\u00e4ssige Informationen \u00fcber Ern\u00e4hrung auf unterhaltsame und interessante Weise zu teilen. Bei Sapje hilft Hanne sicherzustellen, dass alle Informationen zu Ern\u00e4hrung und Gesundheit auf der Website den europ\u00e4ischen und niederl\u00e4ndischen Gesetzen und Vorschriften entsprechen. Dar\u00fcber hinaus schreibt Hanne regelm\u00e4\u00dfig informative Blogs zu verschiedenen ern\u00e4hrungsbezogenen Themen, wie zum Beispiel unsere Blogs \u00fcber Calcium und Eisen. Dabei ist es ihr wichtig, dass die Texte folgende Punkte erf\u00fcllen: \u2022 Zuverl\u00e4ssige Informationen (wissenschaftlich fundiert) \u2022 Klar und verst\u00e4ndlich f\u00fcr jeden \u2022 Angenehm zu lesen Wenn Sie mehr \u00fcber Hanne van Meel und Metis Food Consultancy erfahren m\u00f6chten, klicken Sie hier.","url":"https:\/\/www.justy.bio\/de\/author\/hanne\/"}]}},"_links":{"self":[{"href":"https:\/\/www.justy.bio\/de\/wp-json\/wp\/v2\/posts\/3964","targetHints":{"allow":["GET"]}}],"collection":[{"href":"https:\/\/www.justy.bio\/de\/wp-json\/wp\/v2\/posts"}],"about":[{"href":"https:\/\/www.justy.bio\/de\/wp-json\/wp\/v2\/types\/post"}],"author":[{"embeddable":true,"href":"https:\/\/www.justy.bio\/de\/wp-json\/wp\/v2\/users\/7"}],"replies":[{"embeddable":true,"href":"https:\/\/www.justy.bio\/de\/wp-json\/wp\/v2\/comments?post=3964"}],"version-history":[{"count":1,"href":"https:\/\/www.justy.bio\/de\/wp-json\/wp\/v2\/posts\/3964\/revisions"}],"predecessor-version":[{"id":29715,"href":"https:\/\/www.justy.bio\/de\/wp-json\/wp\/v2\/posts\/3964\/revisions\/29715"}],"wp:featuredmedia":[{"embeddable":true,"href":"https:\/\/www.justy.bio\/de\/wp-json\/wp\/v2\/media\/3965"}],"wp:attachment":[{"href":"https:\/\/www.justy.bio\/de\/wp-json\/wp\/v2\/media?parent=3964"}],"wp:term":[{"taxonomy":"category","embeddable":true,"href":"https:\/\/www.justy.bio\/de\/wp-json\/wp\/v2\/categories?post=3964"},{"taxonomy":"post_tag","embeddable":true,"href":"https:\/\/www.justy.bio\/de\/wp-json\/wp\/v2\/tags?post=3964"}],"curies":[{"name":"wp","href":"https:\/\/api.w.org\/{rel}","templated":true}]}}